{"id":2411,"date":"2024-05-21T15:50:28","date_gmt":"2024-05-21T15:50:28","guid":{"rendered":"https:\/\/corso-coaching.de\/cc\/?p=2411"},"modified":"2024-05-21T22:25:36","modified_gmt":"2024-05-21T22:25:36","slug":"mai-ii","status":"publish","type":"post","link":"https:\/\/corso-coaching.de\/cc\/mai-ii\/","title":{"rendered":"Mai II"},"content":{"rendered":"\n<figure class=\"wp-block-image size-large\"><a href=\"https:\/\/corso-coaching.de\/cc\/wp-content\/uploads\/2024\/05\/12_privat_Vogesen-scaled.jpg\"><img fetchpriority=\"high\" decoding=\"async\" width=\"1024\" height=\"463\" src=\"https:\/\/corso-coaching.de\/cc\/wp-content\/uploads\/2024\/05\/12_privat_Vogesen-1024x463.jpg\" alt=\"\" class=\"wp-image-2412\" srcset=\"https:\/\/corso-coaching.de\/cc\/wp-content\/uploads\/2024\/05\/12_privat_Vogesen-1024x463.jpg 1024w, https:\/\/corso-coaching.de\/cc\/wp-content\/uploads\/2024\/05\/12_privat_Vogesen-300x136.jpg 300w, https:\/\/corso-coaching.de\/cc\/wp-content\/uploads\/2024\/05\/12_privat_Vogesen-768x347.jpg 768w, https:\/\/corso-coaching.de\/cc\/wp-content\/uploads\/2024\/05\/12_privat_Vogesen-1536x695.jpg 1536w, https:\/\/corso-coaching.de\/cc\/wp-content\/uploads\/2024\/05\/12_privat_Vogesen-2048x927.jpg 2048w\" sizes=\"(max-width: 1024px) 100vw, 1024px\" \/><\/a><\/figure>\n\n\n\n<p class=\"wp-block-paragraph\">Mit Maigl\u00f6ckchen<br>l\u00e4utet das junge Jahr<br>seinen Duft<\/p>\n\n\n\n<p class=\"wp-block-paragraph\">Der Flieder erwacht<br>aus Liebe zur Sonne<br>B\u00e4ume erfinden wieder ihr Laub<br>und f\u00fchren Gespr\u00e4che<\/p>\n\n\n\n<p class=\"wp-block-paragraph\">Wolken umarmen die Erde<br>mit silbernem Wasser<br>da w\u00e4chst alles besser<\/p>\n\n\n\n<p class=\"wp-block-paragraph\">Sch\u00f6n ists im Heu zu tr\u00e4umen<br>dem Gl\u00fcck der V\u00f6gel zu lauschen<\/p>\n\n\n\n<p class=\"wp-block-paragraph\">Es ist Zeit sich zu freuen<br>an atmenden Farben<br>zu trauen dem bl\u00fchenden Wunder<\/p>\n\n\n\n<p class=\"wp-block-paragraph\">Ja es ist Zeit<br>sich zu \u00f6ffnen<br>allen ein Freund zu sein<br>das Leben zu r\u00fchmen<\/p>\n\n\n\n<p class=\"wp-block-paragraph\"><strong>Rose Ausl\u00e4nder (1901 \u2013 1988)<\/strong><\/p>\n\n\n\n<p class=\"wp-block-paragraph\"><\/p>\n\n\n\n<p class=\"wp-block-paragraph\">Foto: <em>privat<\/em><\/p>\n","protected":false},"excerpt":{"rendered":"<p>Wunderbarer Weise gibt es DichterInnen und gab es solche, wie Rose Ausl\u00e4nder. Sch\u00f6ner kann der Fr\u00fchling kaum beschrieben werden. <\/p>\n","protected":false},"author":4,"featured_media":2413,"comment_status":"closed","ping_status":"closed","sticky":false,"template":"","format":"standard","meta":{"footnotes":""},"categories":[29],"tags":[33,107,111,110,112],"class_list":["post-2411","post","type-post","status-publish","format-standard","has-post-thumbnail","hentry","category-aktuelles","tag-achtsamkeit","tag-farben","tag-fruehling","tag-gedicht","tag-leben"],"_links":{"self":[{"href":"https:\/\/corso-coaching.de\/cc\/wp-json\/wp\/v2\/posts\/2411","targetHints":{"allow":["GET"]}}],"collection":[{"href":"https:\/\/corso-coaching.de\/cc\/wp-json\/wp\/v2\/posts"}],"about":[{"href":"https:\/\/corso-coaching.de\/cc\/wp-json\/wp\/v2\/types\/post"}],"author":[{"embeddable":true,"href":"https:\/\/corso-coaching.de\/cc\/wp-json\/wp\/v2\/users\/4"}],"replies":[{"embeddable":true,"href":"https:\/\/corso-coaching.de\/cc\/wp-json\/wp\/v2\/comments?post=2411"}],"version-history":[{"count":3,"href":"https:\/\/corso-coaching.de\/cc\/wp-json\/wp\/v2\/posts\/2411\/revisions"}],"predecessor-version":[{"id":2416,"href":"https:\/\/corso-coaching.de\/cc\/wp-json\/wp\/v2\/posts\/2411\/revisions\/2416"}],"wp:featuredmedia":[{"embeddable":true,"href":"https:\/\/corso-coaching.de\/cc\/wp-json\/wp\/v2\/media\/2413"}],"wp:attachment":[{"href":"https:\/\/corso-coaching.de\/cc\/wp-json\/wp\/v2\/media?parent=2411"}],"wp:term":[{"taxonomy":"category","embeddable":true,"href":"https:\/\/corso-coaching.de\/cc\/wp-json\/wp\/v2\/categories?post=2411"},{"taxonomy":"post_tag","embeddable":true,"href":"https:\/\/corso-coaching.de\/cc\/wp-json\/wp\/v2\/tags?post=2411"}],"curies":[{"name":"wp","href":"https:\/\/api.w.org\/{rel}","templated":true}]}}